{"id":167,"date":"2023-06-29T23:23:37","date_gmt":"2023-06-30T02:23:37","guid":{"rendered":"https:\/\/altasierra.com.ar\/?p=167"},"modified":"2023-06-29T23:23:37","modified_gmt":"2023-06-30T02:23:37","slug":"la-estancia-jesuitica-de-jesus-maria","status":"publish","type":"post","link":"https:\/\/altasierra.com.ar\/?p=167","title":{"rendered":"LA ESTANCIA JESU\u00cdTICA DE JES\u00daS MAR\u00cdA"},"content":{"rendered":"\n<h3 class=\"wp-block-heading\">La Estancia Jesu\u00edtica de Jes\u00fas Mar\u00eda fue un enclave hist\u00f3rico de gran importancia durante la \u00e9poca colonial en Am\u00e9rica Latina. En este lugar, los misioneros jesuitas desplegaron su incansable labor evangelizadora y educativa, dejando una profunda huella en la regi\u00f3n.<\/h3>\n\n\n\n<figure class=\"wp-block-image size-large\"><img loading=\"lazy\" decoding=\"async\" width=\"1024\" height=\"461\" src=\"https:\/\/altasierra.com.ar\/wp-content\/uploads\/2023\/06\/ESTANCIA-JESUS-MARIA-IGLESIA-1024x461.webp\" alt=\"\" class=\"wp-image-168\" srcset=\"https:\/\/altasierra.com.ar\/wp-content\/uploads\/2023\/06\/ESTANCIA-JESUS-MARIA-IGLESIA-1024x461.webp 1024w, https:\/\/altasierra.com.ar\/wp-content\/uploads\/2023\/06\/ESTANCIA-JESUS-MARIA-IGLESIA-300x135.webp 300w, https:\/\/altasierra.com.ar\/wp-content\/uploads\/2023\/06\/ESTANCIA-JESUS-MARIA-IGLESIA-768x346.webp 768w, https:\/\/altasierra.com.ar\/wp-content\/uploads\/2023\/06\/ESTANCIA-JESUS-MARIA-IGLESIA-1536x691.webp 1536w, https:\/\/altasierra.com.ar\/wp-content\/uploads\/2023\/06\/ESTANCIA-JESUS-MARIA-IGLESIA-2048x922.webp 2048w\" sizes=\"auto, (max-width: 1024px) 100vw, 1024px\" \/><\/figure>\n\n\n\n<p>Los misioneros jesuitas, parte de la Compa\u00f1\u00eda de Jes\u00fas fundada por Ignacio de Loyola en el siglo XVI, llegaron a Am\u00e9rica con el prop\u00f3sito de llevar la palabra de Dios a los ind\u00edgenas y contribuir al desarrollo social y cultural de las comunidades locales. Su enfoque se basaba en la educaci\u00f3n, la conversi\u00f3n al cristianismo y la formaci\u00f3n de comunidades autosuficientes.<\/p>\n\n\n\n<p>En la Estancia Jesu\u00edtica de Jes\u00fas Mar\u00eda, los jesuitas establecieron una comunidad pr\u00f3spera que funcionaba como un centro educativo y de producci\u00f3n agr\u00edcola. Aqu\u00ed, los misioneros se dedicaron a ense\u00f1ar a los ind\u00edgenas diversas disciplinas, como la agricultura, la ganader\u00eda, la alba\u00f1iler\u00eda y la m\u00fasica. Adem\u00e1s, promovieron la creaci\u00f3n de talleres artesanales donde se elaboraban productos de calidad.<\/p>\n\n\n\n<figure class=\"wp-block-image size-large\"><img loading=\"lazy\" decoding=\"async\" width=\"1024\" height=\"461\" src=\"https:\/\/altasierra.com.ar\/wp-content\/uploads\/2023\/06\/ESTANCIA-JESUS-MARIA-IGLESIA-CUPULA-1024x461.webp\" alt=\"\" class=\"wp-image-169\" srcset=\"https:\/\/altasierra.com.ar\/wp-content\/uploads\/2023\/06\/ESTANCIA-JESUS-MARIA-IGLESIA-CUPULA-1024x461.webp 1024w, https:\/\/altasierra.com.ar\/wp-content\/uploads\/2023\/06\/ESTANCIA-JESUS-MARIA-IGLESIA-CUPULA-300x135.webp 300w, https:\/\/altasierra.com.ar\/wp-content\/uploads\/2023\/06\/ESTANCIA-JESUS-MARIA-IGLESIA-CUPULA-768x346.webp 768w, https:\/\/altasierra.com.ar\/wp-content\/uploads\/2023\/06\/ESTANCIA-JESUS-MARIA-IGLESIA-CUPULA-1536x691.webp 1536w, https:\/\/altasierra.com.ar\/wp-content\/uploads\/2023\/06\/ESTANCIA-JESUS-MARIA-IGLESIA-CUPULA-2048x922.webp 2048w\" sizes=\"auto, (max-width: 1024px) 100vw, 1024px\" \/><\/figure>\n\n\n\n<p>La labor de los misioneros jesuitas no se limitaba solo a la educaci\u00f3n y la producci\u00f3n. Tambi\u00e9n desempe\u00f1aban un papel fundamental como intermediarios entre los ind\u00edgenas y las autoridades coloniales, protegiendo los derechos de las comunidades locales y defendiendo su autonom\u00eda frente a los abusos y la explotaci\u00f3n.<\/p>\n\n\n\n<p>Sin embargo, la influencia y el poder de los jesuitas despertaron suspicacias y envidias en diversos sectores de la sociedad. Esto llev\u00f3 a que, en 1767, el rey Carlos III de Espa\u00f1a ordenara la expulsi\u00f3n de la Compa\u00f1\u00eda de Jes\u00fas de todos los territorios bajo su dominio. La Estancia Jesu\u00edtica de Jes\u00fas Mar\u00eda fue afectada por esta medida, y los jesuitas se vieron obligados a abandonarla.<\/p>\n\n\n\n<figure class=\"wp-block-image size-large\"><img loading=\"lazy\" decoding=\"async\" width=\"1024\" height=\"461\" src=\"https:\/\/altasierra.com.ar\/wp-content\/uploads\/2023\/06\/ESTANCIA-JESUS-MARIA-PATIO-1024x461.webp\" alt=\"\" class=\"wp-image-170\" srcset=\"https:\/\/altasierra.com.ar\/wp-content\/uploads\/2023\/06\/ESTANCIA-JESUS-MARIA-PATIO-1024x461.webp 1024w, https:\/\/altasierra.com.ar\/wp-content\/uploads\/2023\/06\/ESTANCIA-JESUS-MARIA-PATIO-300x135.webp 300w, https:\/\/altasierra.com.ar\/wp-content\/uploads\/2023\/06\/ESTANCIA-JESUS-MARIA-PATIO-768x346.webp 768w, https:\/\/altasierra.com.ar\/wp-content\/uploads\/2023\/06\/ESTANCIA-JESUS-MARIA-PATIO-1536x691.webp 1536w, https:\/\/altasierra.com.ar\/wp-content\/uploads\/2023\/06\/ESTANCIA-JESUS-MARIA-PATIO-2048x922.webp 2048w\" sizes=\"auto, (max-width: 1024px) 100vw, 1024px\" \/><\/figure>\n\n\n\n<p>A pesar de su partida forzada, el legado dejado por los misioneros jesuitas perdura hasta nuestros d\u00edas. La arquitectura imponente de la estancia, la calidad de su arte y la influencia en la educaci\u00f3n y la producci\u00f3n agr\u00edcola son testimonios tangibles de su dedicaci\u00f3n y compromiso.<\/p>\n\n\n\n<p>La Estancia Jesu\u00edtica de Jes\u00fas Mar\u00eda se convierte, as\u00ed, en un recordatorio tangible de la vida de los misioneros jesuitas en esta regi\u00f3n. Su esp\u00edritu emprendedor, su dedicaci\u00f3n a la educaci\u00f3n y su labor evangelizadora han dejado una marca indeleble en la historia y la cultura local. Al visitar este lugar, nos adentramos en un pasado fascinante y nos acercamos a la vida de aquellos valientes hombres que, con sus acciones, buscaron forjar un futuro mejor para las comunidades que serv\u00edan.<\/p>\n\n\n\n<p>Recorremos la Estancia Jes\u00fas Mar\u00eda en v\u00eddeo<\/p>\n\n\n\n<figure class=\"wp-block-embed is-type-video is-provider-youtube wp-block-embed-youtube wp-embed-aspect-16-9 wp-has-aspect-ratio\"><div class=\"wp-block-embed__wrapper\">\n<iframe loading=\"lazy\" title=\"ESTANCIA JESU\u00cdTICA JES\u00daS MAR\u00cdA\" width=\"640\" height=\"360\" src=\"https:\/\/www.youtube.com\/embed\/cQZ-fbdA5wI?feature=oembed\" frameborder=\"0\" allow=\"accelerometer; autoplay; clipboard-write; encrypted-media; gyroscope; picture-in-picture; web-share\" referrerpolicy=\"strict-origin-when-cross-origin\" allowfullscreen><\/iframe>\n<\/div><\/figure>\n","protected":false},"excerpt":{"rendered":"<p>La Estancia Jesu\u00edtica de Jes\u00fas Mar\u00eda fue un enclave hist\u00f3rico de gran importancia durante la \u00e9poca colonial en Am\u00e9rica Latina. En este lugar, los misioneros jesuitas desplegaron su incansable labor evangelizadora y educativa, dejando una profunda huella en la regi\u00f3n. Los misioneros jesuitas, parte de la Compa\u00f1\u00eda de Jes\u00fas fundada por Ignacio de Loyola en [&hellip;]<\/p>\n","protected":false},"author":1,"featured_media":170,"comment_status":"open","ping_status":"open","sticky":false,"template":"","format":"standard","meta":{"footnotes":""},"categories":[15],"tags":[29,30],"class_list":["post-167","post","type-post","status-publish","format-standard","has-post-thumbnail","hentry","category-nuevos-videos","tag-cordoba","tag-jesus-maria"],"_links":{"self":[{"href":"https:\/\/altasierra.com.ar\/index.php?rest_route=\/wp\/v2\/posts\/167","targetHints":{"allow":["GET"]}}],"collection":[{"href":"https:\/\/altasierra.com.ar\/index.php?rest_route=\/wp\/v2\/posts"}],"about":[{"href":"https:\/\/altasierra.com.ar\/index.php?rest_route=\/wp\/v2\/types\/post"}],"author":[{"embeddable":true,"href":"https:\/\/altasierra.com.ar\/index.php?rest_route=\/wp\/v2\/users\/1"}],"replies":[{"embeddable":true,"href":"https:\/\/altasierra.com.ar\/index.php?rest_route=%2Fwp%2Fv2%2Fcomments&post=167"}],"version-history":[{"count":1,"href":"https:\/\/altasierra.com.ar\/index.php?rest_route=\/wp\/v2\/posts\/167\/revisions"}],"predecessor-version":[{"id":171,"href":"https:\/\/altasierra.com.ar\/index.php?rest_route=\/wp\/v2\/posts\/167\/revisions\/171"}],"wp:featuredmedia":[{"embeddable":true,"href":"https:\/\/altasierra.com.ar\/index.php?rest_route=\/wp\/v2\/media\/170"}],"wp:attachment":[{"href":"https:\/\/altasierra.com.ar\/index.php?rest_route=%2Fwp%2Fv2%2Fmedia&parent=167"}],"wp:term":[{"taxonomy":"category","embeddable":true,"href":"https:\/\/altasierra.com.ar\/index.php?rest_route=%2Fwp%2Fv2%2Fcategories&post=167"},{"taxonomy":"post_tag","embeddable":true,"href":"https:\/\/altasierra.com.ar\/index.php?rest_route=%2Fwp%2Fv2%2Ftags&post=167"}],"curies":[{"name":"wp","href":"https:\/\/api.w.org\/{rel}","templated":true}]}}