{"id":173,"date":"2023-07-10T22:20:15","date_gmt":"2023-07-11T01:20:15","guid":{"rendered":"https:\/\/altasierra.com.ar\/?p=173"},"modified":"2023-07-15T17:40:27","modified_gmt":"2023-07-15T20:40:27","slug":"cosmosfiesta-el-encanto-efimero-del-cosmos-bipinatus-un-recuerdo-de-primaveras-pasadas-en-villa-giardino","status":"publish","type":"post","link":"https:\/\/altasierra.com.ar\/?p=173","title":{"rendered":"COSMOSFIESTA &#8220;El Encanto Ef\u00edmero del Cosmos Bipinatus. Un Recuerdo de Primaveras Pasadas en Villa Giardino&#8221;"},"content":{"rendered":"\n<h3 class=\"wp-block-heading\">(Villa Giardino, C\u00f3rdoba) \u2014 En los primeros a\u00f1os del siglo XXI, una peque\u00f1a localidad situada en las pintorescas serran\u00edas de Punilla, en la provincia de C\u00f3rdoba, conocida como Villa Giardino, se convirti\u00f3 en el escenario de una fiesta encantadora. Los vecinos, con orgullo y entusiasmo, se reun\u00edan para rendir homenaje a la flor del Cosmos Bipinatus, que adornaba los campos bald\u00edos de la villa, creando paisajes \u00fanicos en la temporada primaveral. <\/h3>\n\n\n\n<figure class=\"wp-block-image size-full\"><img loading=\"lazy\" decoding=\"async\" width=\"777\" height=\"462\" src=\"https:\/\/altasierra.com.ar\/wp-content\/uploads\/2023\/07\/image-2.png\" alt=\"\" class=\"wp-image-177\" srcset=\"https:\/\/altasierra.com.ar\/wp-content\/uploads\/2023\/07\/image-2.png 777w, https:\/\/altasierra.com.ar\/wp-content\/uploads\/2023\/07\/image-2-300x178.png 300w, https:\/\/altasierra.com.ar\/wp-content\/uploads\/2023\/07\/image-2-768x457.png 768w\" sizes=\"auto, (max-width: 777px) 100vw, 777px\" \/><\/figure>\n\n\n\n<p>Durante tres a\u00f1os consecutivos, esta festividad se convirti\u00f3 en un acontecimiento esperado, en el que se mezclaban el canto l\u00edrico y la gastronom\u00eda, pero lamentablemente, con el tiempo, el evento fue abandonado, dejando un hermoso recuerdo en la memoria de los residentes.<\/p>\n\n\n\n<p>En aquellos d\u00edas de primavera, Villa Giardino se transformaba en un remanso de color gracias a la presencia del Cosmos Bipinatus, una flor ex\u00f3tica y asilvestrada en la zona que florec\u00eda en abundancia. Los campos bald\u00edos se llenaban de delicadas flores rosadas, fucsias y blancas, creando una imagen id\u00edlica que atra\u00eda tanto a locales como a visitantes. La belleza de estas flores captur\u00f3 la atenci\u00f3n de los habitantes, quienes decidieron unirse para celebrar su esplendor y preservar su memoria en un evento \u00fanico.<\/p>\n\n\n\n<p>El evento anual no solo se trataba de admirar la belleza del Cosmos Bipinatus, sino tambi\u00e9n de promover la cultura y el arte en la comunidad. Los vecinos, inspirados por la atm\u00f3sfera m\u00e1gica que rodeaba la fiesta, organizaban encuentros de canto l\u00edrico que deleitaban a los asistentes con sus arias de \u00f3peras famosas creando una sinfon\u00eda de emociones.<\/p>\n\n\n<div class=\"wp-block-image\">\n<figure class=\"aligncenter size-full\"><img loading=\"lazy\" decoding=\"async\" width=\"450\" height=\"360\" src=\"https:\/\/altasierra.com.ar\/wp-content\/uploads\/2023\/07\/image-1.png\" alt=\"\" class=\"wp-image-175\" srcset=\"https:\/\/altasierra.com.ar\/wp-content\/uploads\/2023\/07\/image-1.png 450w, https:\/\/altasierra.com.ar\/wp-content\/uploads\/2023\/07\/image-1-300x240.png 300w\" sizes=\"auto, (max-width: 450px) 100vw, 450px\" \/><\/figure>\n<\/div>\n\n\n<p>Adem\u00e1s de la m\u00fasica, la gastronom\u00eda desempe\u00f1aba un papel fundamental en la celebraci\u00f3n. Los vecinos preparaban una serie de comidas tradicionales, que representaban la identidad culinaria de Villa Giardino y su regi\u00f3n. Deliciosos platos t\u00edpicos, elaborados con ingredientes frescos y sabores aut\u00e9nticos, se serv\u00edan en mesas adornadas con arreglos florales de Cosmos Bipinatus. Los aromas tentadores y los sabores exquisitos se mezclaban con la alegr\u00eda y la camarader\u00eda que llenaban el aire durante el evento.<\/p>\n\n\n\n<p>Sin embargo, a pesar de su \u00e9xito y el encanto que rodeaba la fiesta del Cosmos Bipinatus, con el tiempo, las circunstancias cambiaron y la celebraci\u00f3n fue abandonada. Diversos factores, como la urbanizaci\u00f3n y los cambios en la din\u00e1mica de la comunidad, hicieron que el evento se desvaneciera lentamente en la memoria colectiva de Villa Giardino. Aunque la festividad lleg\u00f3 a su fin, el esp\u00edritu de unidad y aprecio por la belleza natural sigue vivo en los corazones de aquellos que tuvieron el privilegio de experimentarla.<\/p>\n\n\n\n<p>Hoy en d\u00eda, mientras se recuerda con nostalgia aquellos a\u00f1os en los que la fiesta del Cosmos Bipinatus llenaba de vida a Villa Giardino, los residentes y visitantes pueden todav\u00eda admirar la belleza de esta localidad, que ha sabido conservar su encanto natural. Pasear por los campos y jardines de Villa Giardino en primavera es revivir, en cierta medida, la magia de aquellos tiempos, cuando los vecinos celebraban la flor que coloreaba los campos bald\u00edos y llenaba el aire de poes\u00eda y melod\u00eda.<\/p>\n\n\n\n<p>Aunque la fiesta del Cosmos Bipinatus pueda haber llegado a su fin, su recuerdo perdurar\u00e1 como un testimonio de la conexi\u00f3n entre la naturaleza, la cultura y la comunidad en Villa Giardino. Mientras la primavera llegue a esta encantadora localidad cordobesa, el esp\u00edritu de la festividad se renueva, invitando a todos a apreciar y celebrar la belleza ef\u00edmera de la vida que florece a su alrededor.<\/p>\n\n\n\n<figure class=\"wp-block-embed is-type-video is-provider-youtube wp-block-embed-youtube wp-embed-aspect-4-3 wp-has-aspect-ratio\"><div class=\"wp-block-embed__wrapper\">\n<iframe loading=\"lazy\" title=\"Cosmosfiesta\" width=\"640\" height=\"480\" src=\"https:\/\/www.youtube.com\/embed\/Wu2U0KVeL4k?feature=oembed\" frameborder=\"0\" allow=\"accelerometer; autoplay; clipboard-write; encrypted-media; gyroscope; picture-in-picture; web-share\" referrerpolicy=\"strict-origin-when-cross-origin\" allowfullscreen><\/iframe>\n<\/div><\/figure>\n","protected":false},"excerpt":{"rendered":"<p>(Villa Giardino, C\u00f3rdoba) \u2014 En los primeros a\u00f1os del siglo XXI, una peque\u00f1a localidad situada en las pintorescas serran\u00edas de Punilla, en la provincia de C\u00f3rdoba, conocida como Villa Giardino, se convirti\u00f3 en el escenario de una fiesta encantadora. Los vecinos, con orgullo y entusiasmo, se reun\u00edan para rendir homenaje a la flor del Cosmos [&hellip;]<\/p>\n","protected":false},"author":1,"featured_media":174,"comment_status":"open","ping_status":"open","sticky":false,"template":"","format":"standard","meta":{"footnotes":""},"categories":[14],"tags":[33,31,34,35,32],"class_list":["post-173","post","type-post","status-publish","format-standard","has-post-thumbnail","hentry","category-videos-historicos","tag-cosmos-bipinatus","tag-cosmosfiesta","tag-fiesta","tag-primavera","tag-villa-giardino"],"_links":{"self":[{"href":"https:\/\/altasierra.com.ar\/index.php?rest_route=\/wp\/v2\/posts\/173","targetHints":{"allow":["GET"]}}],"collection":[{"href":"https:\/\/altasierra.com.ar\/index.php?rest_route=\/wp\/v2\/posts"}],"about":[{"href":"https:\/\/altasierra.com.ar\/index.php?rest_route=\/wp\/v2\/types\/post"}],"author":[{"embeddable":true,"href":"https:\/\/altasierra.com.ar\/index.php?rest_route=\/wp\/v2\/users\/1"}],"replies":[{"embeddable":true,"href":"https:\/\/altasierra.com.ar\/index.php?rest_route=%2Fwp%2Fv2%2Fcomments&post=173"}],"version-history":[{"count":2,"href":"https:\/\/altasierra.com.ar\/index.php?rest_route=\/wp\/v2\/posts\/173\/revisions"}],"predecessor-version":[{"id":178,"href":"https:\/\/altasierra.com.ar\/index.php?rest_route=\/wp\/v2\/posts\/173\/revisions\/178"}],"wp:featuredmedia":[{"embeddable":true,"href":"https:\/\/altasierra.com.ar\/index.php?rest_route=\/wp\/v2\/media\/174"}],"wp:attachment":[{"href":"https:\/\/altasierra.com.ar\/index.php?rest_route=%2Fwp%2Fv2%2Fmedia&parent=173"}],"wp:term":[{"taxonomy":"category","embeddable":true,"href":"https:\/\/altasierra.com.ar\/index.php?rest_route=%2Fwp%2Fv2%2Fcategories&post=173"},{"taxonomy":"post_tag","embeddable":true,"href":"https:\/\/altasierra.com.ar\/index.php?rest_route=%2Fwp%2Fv2%2Ftags&post=173"}],"curies":[{"name":"wp","href":"https:\/\/api.w.org\/{rel}","templated":true}]}}