{"id":188,"date":"2023-09-12T18:52:34","date_gmt":"2023-09-12T21:52:34","guid":{"rendered":"https:\/\/altasierra.com.ar\/?p=188"},"modified":"2023-09-12T18:53:17","modified_gmt":"2023-09-12T21:53:17","slug":"ballet-juvenil-kalena-deslumbre-en-la-fiesta-nacional-del-inmigrante","status":"publish","type":"post","link":"https:\/\/altasierra.com.ar\/?p=188","title":{"rendered":"BALLET JUVENIL KALENA DESLUMBRA EN LA FIESTA NACIONAL DEL INMIGRANTE"},"content":{"rendered":"\n<h2 class=\"wp-block-heading\"><em>Una emocionante presentaci\u00f3n llena de cultura y tradici\u00f3n ucraniana<\/em>.<\/h2>\n\n\n\n<figure class=\"wp-block-image size-large\"><img loading=\"lazy\" decoding=\"async\" width=\"1024\" height=\"515\" src=\"https:\/\/altasierra.com.ar\/wp-content\/uploads\/2023\/09\/kalena-1-1024x515.jpg\" alt=\"\" class=\"wp-image-189\" srcset=\"https:\/\/altasierra.com.ar\/wp-content\/uploads\/2023\/09\/kalena-1-1024x515.jpg 1024w, https:\/\/altasierra.com.ar\/wp-content\/uploads\/2023\/09\/kalena-1-300x151.jpg 300w, https:\/\/altasierra.com.ar\/wp-content\/uploads\/2023\/09\/kalena-1-768x386.jpg 768w, https:\/\/altasierra.com.ar\/wp-content\/uploads\/2023\/09\/kalena-1.jpg 1525w\" sizes=\"auto, (max-width: 1024px) 100vw, 1024px\" \/><\/figure>\n\n\n\n<p>Ober\u00e1 vivi\u00f3 un emocionante momento de cultura y tradici\u00f3n durante la 43\u00aa edici\u00f3n de la Fiesta Nacional del Inmigrante, cuando el Ballet Juvenil Kalena de la Colectividad Ucraniana se present\u00f3 en el Escenario Mayor, dejando a todos los presentes maravillados con sus t\u00edpicos bailes ucranianos y rindiendo homenaje a sus ancestros. El evento, celebrado en una de las provincias argentinas con mayor n\u00famero de inmigrantes, atrajo la atenci\u00f3n de una multitud expectante que estallaba en v\u00edtores en cada pasaje de las danzas tradicionales.<\/p>\n\n\n\n<p>La Fiesta Nacional del Inmigrante es un acontecimiento anual esperado con entusiasmo por toda la comunidad de Misiones, que rinde homenaje a la rica diversidad cultural que ha forjado la identidad de esta regi\u00f3n a lo largo de los a\u00f1os. Durante esta celebraci\u00f3n, grupos culturales de diversas colectividades \u00e9tnicas presentan sus tradiciones y contribuciones al patrimonio de la provincia.<\/p>\n\n\n\n<p>El Ballet Juvenil Kalena, compuesto por j\u00f3venes talentosos de la Colectividad Ucraniana, destac\u00f3 en esta edici\u00f3n con su magn\u00edfica actuaci\u00f3n. Los integrantes del ballet, vestidos con trajes tradicionales ucranianos, ejecutaron con gracia y pasi\u00f3n una serie de bailes folkl\u00f3ricos que reflejaban la rica herencia cultural de Ucrania. Desde los caracter\u00edsticos &#8220;Hopak&#8221; hasta las elegantes danzas de cortejo, cada actuaci\u00f3n fue recibida con aplausos y v\u00edtores por parte del p\u00fablico.<\/p>\n\n\n\n<figure class=\"wp-block-image size-large\"><img loading=\"lazy\" decoding=\"async\" width=\"1024\" height=\"695\" src=\"https:\/\/altasierra.com.ar\/wp-content\/uploads\/2023\/09\/kalena-2-1024x695.jpg\" alt=\"\" class=\"wp-image-190\" srcset=\"https:\/\/altasierra.com.ar\/wp-content\/uploads\/2023\/09\/kalena-2-1024x695.jpg 1024w, https:\/\/altasierra.com.ar\/wp-content\/uploads\/2023\/09\/kalena-2-300x204.jpg 300w, https:\/\/altasierra.com.ar\/wp-content\/uploads\/2023\/09\/kalena-2-768x521.jpg 768w, https:\/\/altasierra.com.ar\/wp-content\/uploads\/2023\/09\/kalena-2.jpg 1109w\" sizes=\"auto, (max-width: 1024px) 100vw, 1024px\" \/><\/figure>\n\n\n\n<p>La actuaci\u00f3n del Ballet Juvenil Kalena no solo fue un momento destacado de la Fiesta Nacional del Inmigrante, sino tambi\u00e9n un recordatorio de la importancia de preservar y celebrar las ra\u00edces culturales de las diferentes comunidades que conforman la vibrante sociedad de Misiones. La respuesta entusiasta del p\u00fablico demuestra la apreciaci\u00f3n de la rica diversidad que enriquece esta hermosa provincia.<\/p>\n\n\n\n<p>Altasierra Documentales presenta el siguiente v\u00eddeo, sobre uno de los momentos de la esperada participaci\u00f3n del Ballet Juvenil Kalena en la 43 Fiesta Nacional del Inmigrante.<\/p>\n\n\n\n<figure class=\"wp-block-embed is-type-video is-provider-youtube wp-block-embed-youtube wp-embed-aspect-16-9 wp-has-aspect-ratio\"><div class=\"wp-block-embed__wrapper\">\n<iframe loading=\"lazy\" title=\"BALLET JUVENIL KALENA DESLUMBRA EN LA FIESTA NACIONAL DEL INMIGRANTE\" width=\"640\" height=\"360\" src=\"https:\/\/www.youtube.com\/embed\/CSXKPcB6itI?feature=oembed\" frameborder=\"0\" allow=\"accelerometer; autoplay; clipboard-write; encrypted-media; gyroscope; picture-in-picture; web-share\" referrerpolicy=\"strict-origin-when-cross-origin\" allowfullscreen><\/iframe>\n<\/div><\/figure>\n","protected":false},"excerpt":{"rendered":"<p>Una emocionante presentaci\u00f3n llena de cultura y tradici\u00f3n ucraniana. Ober\u00e1 vivi\u00f3 un emocionante momento de cultura y tradici\u00f3n durante la 43\u00aa edici\u00f3n de la Fiesta Nacional del Inmigrante, cuando el Ballet Juvenil Kalena de la Colectividad Ucraniana se present\u00f3 en el Escenario Mayor, dejando a todos los presentes maravillados con sus t\u00edpicos bailes ucranianos y [&hellip;]<\/p>\n","protected":false},"author":1,"featured_media":190,"comment_status":"open","ping_status":"open","sticky":false,"template":"","format":"standard","meta":{"footnotes":""},"categories":[15],"tags":[42,34,45,41,21,44,43],"class_list":["post-188","post","type-post","status-publish","format-standard","has-post-thumbnail","hentry","category-nuevos-videos","tag-ballet","tag-fiesta","tag-inmigrante","tag-kalena","tag-misiones","tag-obera","tag-ucraniano"],"_links":{"self":[{"href":"https:\/\/altasierra.com.ar\/index.php?rest_route=\/wp\/v2\/posts\/188","targetHints":{"allow":["GET"]}}],"collection":[{"href":"https:\/\/altasierra.com.ar\/index.php?rest_route=\/wp\/v2\/posts"}],"about":[{"href":"https:\/\/altasierra.com.ar\/index.php?rest_route=\/wp\/v2\/types\/post"}],"author":[{"embeddable":true,"href":"https:\/\/altasierra.com.ar\/index.php?rest_route=\/wp\/v2\/users\/1"}],"replies":[{"embeddable":true,"href":"https:\/\/altasierra.com.ar\/index.php?rest_route=%2Fwp%2Fv2%2Fcomments&post=188"}],"version-history":[{"count":2,"href":"https:\/\/altasierra.com.ar\/index.php?rest_route=\/wp\/v2\/posts\/188\/revisions"}],"predecessor-version":[{"id":192,"href":"https:\/\/altasierra.com.ar\/index.php?rest_route=\/wp\/v2\/posts\/188\/revisions\/192"}],"wp:featuredmedia":[{"embeddable":true,"href":"https:\/\/altasierra.com.ar\/index.php?rest_route=\/wp\/v2\/media\/190"}],"wp:attachment":[{"href":"https:\/\/altasierra.com.ar\/index.php?rest_route=%2Fwp%2Fv2%2Fmedia&parent=188"}],"wp:term":[{"taxonomy":"category","embeddable":true,"href":"https:\/\/altasierra.com.ar\/index.php?rest_route=%2Fwp%2Fv2%2Fcategories&post=188"},{"taxonomy":"post_tag","embeddable":true,"href":"https:\/\/altasierra.com.ar\/index.php?rest_route=%2Fwp%2Fv2%2Ftags&post=188"}],"curies":[{"name":"wp","href":"https:\/\/api.w.org\/{rel}","templated":true}]}}