{"id":201,"date":"2025-08-06T09:53:24","date_gmt":"2025-08-06T12:53:24","guid":{"rendered":"https:\/\/altasierra.com.ar\/?p=201"},"modified":"2025-08-06T12:47:20","modified_gmt":"2025-08-06T15:47:20","slug":"fader-el-pintor-del-silencio","status":"publish","type":"post","link":"https:\/\/altasierra.com.ar\/?p=201","title":{"rendered":"FADER, EL PINTOR DEL SILENCIO"},"content":{"rendered":"\n<h3 class=\"wp-block-heading\">Un viaje \u00edntimo a la casa y al alma de uno de los grandes artistas argentinos.<\/h3>\n\n\n\n<figure class=\"wp-block-image size-full\"><img loading=\"lazy\" decoding=\"async\" width=\"1023\" height=\"831\" src=\"https:\/\/altasierra.com.ar\/wp-content\/uploads\/2025\/08\/fader-arboles.jpg\" alt=\"\" class=\"wp-image-205\" srcset=\"https:\/\/altasierra.com.ar\/wp-content\/uploads\/2025\/08\/fader-arboles.jpg 1023w, https:\/\/altasierra.com.ar\/wp-content\/uploads\/2025\/08\/fader-arboles-300x244.jpg 300w, https:\/\/altasierra.com.ar\/wp-content\/uploads\/2025\/08\/fader-arboles-768x624.jpg 768w\" sizes=\"auto, (max-width: 1023px) 100vw, 1023px\" \/><\/figure>\n\n\n\n<p>En lo profundo de las sierras de C\u00f3rdoba, rodeada de monte agreste y caminos polvorientos, se encuentra una casa que parece detenida en el tiempo. All\u00ed vivi\u00f3 sus \u00faltimos a\u00f1os <strong>Fernando Fader<\/strong>, uno de los grandes nombres del arte argentino, cuya obra marc\u00f3 una bisagra entre la tradici\u00f3n acad\u00e9mica y la sensibilidad moderna.<\/p>\n\n\n\n<p>Nuestro nuevo documental \u2014titulado tambi\u00e9n <em>Fader, el pintor del silencio<\/em>\u2014 propone un recorrido visual y narrativo por la <strong>casa museo que el artista habit\u00f3 en Ischil\u00edn<\/strong>, donde todav\u00eda resuenan los ecos de su pincel y su contemplaci\u00f3n del mundo.<\/p>\n\n\n\n<p>El artista, nacido en Francia en 1882 y radicado en Argentina desde joven, fue uno de los grandes impulsores del <strong>impresionismo en nuestro pa\u00eds<\/strong>, aunque su estilo personal trascendi\u00f3 las escuelas para convertirse en una mirada \u00fanica: \u00edntima, luminosa, profundamente argentina. Su obra retrat\u00f3 la vida rural, los ni\u00f1os, el trabajo, la tierra y la luz. Una luz que se cuela como protagonista silenciosa en cada una de sus telas.<\/p>\n\n\n\n<p>Desde la serenidad de Ischil\u00edn, Fader pint\u00f3 sin estridencias. Con una paleta contenida pero sensible, le habl\u00f3 al alma del paisaje y de las personas. Por eso, m\u00e1s que un artista de escuela, fue un <strong>poeta del color y la atm\u00f3sfera<\/strong>. Un pintor del silencio.<\/p>\n\n\n\n<p>Te invitamos a descubrir o redescubrir a este creador fundamental, cuya casa permanece como faro cultural y emocional en el norte cordob\u00e9s.<br>Mir\u00e1 el documental completo a continuaci\u00f3n:<\/p>\n\n\n\n<figure class=\"wp-block-embed is-type-video is-provider-youtube wp-block-embed-youtube wp-embed-aspect-16-9 wp-has-aspect-ratio\"><div class=\"wp-block-embed__wrapper\">\n<iframe loading=\"lazy\" title=\"FADER, El Pintor del Silencio.\" width=\"640\" height=\"360\" src=\"https:\/\/www.youtube.com\/embed\/8R2Da-BJJkQ?feature=oembed\" frameborder=\"0\" allow=\"accelerometer; autoplay; clipboard-write; encrypted-media; gyroscope; picture-in-picture; web-share\" referrerpolicy=\"strict-origin-when-cross-origin\" allowfullscreen><\/iframe>\n<\/div><\/figure>\n","protected":false},"excerpt":{"rendered":"<p>Un viaje \u00edntimo a la casa y al alma de uno de los grandes artistas argentinos. En lo profundo de las sierras de C\u00f3rdoba, rodeada de monte agreste y caminos polvorientos, se encuentra una casa que parece detenida en el tiempo. All\u00ed vivi\u00f3 sus \u00faltimos a\u00f1os Fernando Fader, uno de los grandes nombres del arte [&hellip;]<\/p>\n","protected":false},"author":1,"featured_media":202,"comment_status":"open","ping_status":"open","sticky":false,"template":"","format":"standard","meta":{"footnotes":""},"categories":[15],"tags":[51,50,52],"class_list":["post-201","post","type-post","status-publish","format-standard","has-post-thumbnail","hentry","category-nuevos-videos","tag-casa","tag-fader","tag-pintura"],"_links":{"self":[{"href":"https:\/\/altasierra.com.ar\/index.php?rest_route=\/wp\/v2\/posts\/201","targetHints":{"allow":["GET"]}}],"collection":[{"href":"https:\/\/altasierra.com.ar\/index.php?rest_route=\/wp\/v2\/posts"}],"about":[{"href":"https:\/\/altasierra.com.ar\/index.php?rest_route=\/wp\/v2\/types\/post"}],"author":[{"embeddable":true,"href":"https:\/\/altasierra.com.ar\/index.php?rest_route=\/wp\/v2\/users\/1"}],"replies":[{"embeddable":true,"href":"https:\/\/altasierra.com.ar\/index.php?rest_route=%2Fwp%2Fv2%2Fcomments&post=201"}],"version-history":[{"count":2,"href":"https:\/\/altasierra.com.ar\/index.php?rest_route=\/wp\/v2\/posts\/201\/revisions"}],"predecessor-version":[{"id":206,"href":"https:\/\/altasierra.com.ar\/index.php?rest_route=\/wp\/v2\/posts\/201\/revisions\/206"}],"wp:featuredmedia":[{"embeddable":true,"href":"https:\/\/altasierra.com.ar\/index.php?rest_route=\/wp\/v2\/media\/202"}],"wp:attachment":[{"href":"https:\/\/altasierra.com.ar\/index.php?rest_route=%2Fwp%2Fv2%2Fmedia&parent=201"}],"wp:term":[{"taxonomy":"category","embeddable":true,"href":"https:\/\/altasierra.com.ar\/index.php?rest_route=%2Fwp%2Fv2%2Fcategories&post=201"},{"taxonomy":"post_tag","embeddable":true,"href":"https:\/\/altasierra.com.ar\/index.php?rest_route=%2Fwp%2Fv2%2Ftags&post=201"}],"curies":[{"name":"wp","href":"https:\/\/api.w.org\/{rel}","templated":true}]}}